{"id":12563,"date":"2023-04-30T00:10:52","date_gmt":"2023-04-29T22:10:52","guid":{"rendered":"https:\/\/afabego.fr\/?p=12563"},"modified":"2023-04-30T01:42:28","modified_gmt":"2023-04-29T23:42:28","slug":"31-eme-journee-des-plantes-a-bergeres","status":"publish","type":"post","link":"https:\/\/afabego.fr\/en\/actualites\/31-eme-journee-des-plantes-a-bergeres\/","title":{"rendered":"31 \u00e8me journ\u00e9e des plantes \u00e0 Berg\u00e8res"},"content":{"rendered":"<div class=\"vc_row wpb_row vc_row-fluid\">\n            \t\t\t\t\t\t\t<div class=\"gf-container container\">\n\t\t\t\t\t\t\t\t<div class=\"wpb_column vc_column_container vc_col-sm-12\"><div class=\"vc_column-inner\"><div class=\"wpb_wrapper\">\n\t<div class=\"wpb_text_column wpb_content_element\" >\n\t\t<div class=\"wpb_wrapper\">\n\t\t\t<p>Afabego participera \u00e0 cette exposition qui r\u00e9unira pr\u00e8s de 140 exposants : p\u00e9pini\u00e9ristes, horticulteurs, artisans, artistes et producteurs qui envahiront les rues, les cours, les granges et les jardins.<\/p>\n<p>Sera propos\u00e9 : un atelier de bouturage des b\u00e9gonias.<\/p>\n<p>Plus d&rsquo;informations par ici : <a href=\"https:\/\/journeedesplantes.wordpress.com\/\">Journ\u00e9e des plantes<\/a>.<\/p>\n\n\t\t<\/div>\n\t<\/div>\n<\/div><\/div><\/div>\t\t\t\t\t\t\t<\/div>\n\t\t\t\n\t\t<\/div>\n\t\t<div class=\"vc_row wpb_row vc_row-fluid\">\n            \t\t\t\t\t\t\t<div class=\"gf-container container\">\n\t\t\t\t\t\t\t\t<div class=\"wpb_column vc_column_container vc_col-sm-12\"><div class=\"vc_column-inner\"><div class=\"wpb_wrapper\">\n\t<div  class=\"wpb_single_image wpb_content_element vc_align_left\">\n\t\t\n\t\t<figure class=\"wpb_wrapper vc_figure\">\n\t\t\t<div class=\"vc_single_image-wrapper   vc_box_border_grey\"><img width=\"687\" height=\"1024\" src=\"https:\/\/afabego.fr\/wp-content\/uploads\/2023\/04\/31_eme_journee_plantes_bergeres_affiche-687x1024.webp\" class=\"vc_single_image-img attachment-large\" alt=\"\" decoding=\"async\" loading=\"lazy\" title=\"31 \u00e8me journ\u00e9e des plantes de Berg\u00e8res\" srcset=\"https:\/\/afabego.fr\/wp-content\/uploads\/2023\/04\/31_eme_journee_plantes_bergeres_affiche-687x1024.webp 687w, https:\/\/afabego.fr\/wp-content\/uploads\/2023\/04\/31_eme_journee_plantes_bergeres_affiche-201x300.webp 201w, https:\/\/afabego.fr\/wp-content\/uploads\/2023\/04\/31_eme_journee_plantes_bergeres_affiche-768x1144.webp 768w, https:\/\/afabego.fr\/wp-content\/uploads\/2023\/04\/31_eme_journee_plantes_bergeres_affiche-1031x1536.webp 1031w, https:\/\/afabego.fr\/wp-content\/uploads\/2023\/04\/31_eme_journee_plantes_bergeres_affiche-8x12.webp 8w, https:\/\/afabego.fr\/wp-content\/uploads\/2023\/04\/31_eme_journee_plantes_bergeres_affiche.webp 1080w\" sizes=\"(max-width: 687px) 100vw, 687px\" \/><\/div><figcaption class=\"vc_figure-caption\">31 \u00e8me journ\u00e9e des plantes de Berg\u00e8res<\/figcaption>\n\t\t<\/figure>\n\t<\/div>\n<\/div><\/div><\/div>\t\t\t\t\t\t\t<\/div>\n\t\t\t\n\t\t<\/div>","protected":false},"excerpt":{"rendered":"Afabego participera \u00e0 cette exposition qui r\u00e9unira pr\u00e8s de 140 exposants : p\u00e9pini\u00e9ristes, horticulteurs, artisans, artistes et producteurs qui envahiront les rues, les cours, les granges et les jardins. Sera propos\u00e9 : un atelier de bouturage des b\u00e9gonias. Plus d'informations par ici : Journ\u00e9e des plantes. 31 \u00e8me journ\u00e9e des plantes de Berg\u00e8res","protected":false},"author":3,"featured_media":12565,"comment_status":"closed","ping_status":"closed","sticky":false,"template":"","format":"standard","meta":[],"categories":[147,173],"tags":[],"_links":{"self":[{"href":"https:\/\/afabego.fr\/en\/wp-json\/wp\/v2\/posts\/12563"}],"collection":[{"href":"https:\/\/afabego.fr\/en\/wp-json\/wp\/v2\/posts"}],"about":[{"href":"https:\/\/afabego.fr\/en\/wp-json\/wp\/v2\/types\/post"}],"author":[{"embeddable":true,"href":"https:\/\/afabego.fr\/en\/wp-json\/wp\/v2\/users\/3"}],"replies":[{"embeddable":true,"href":"https:\/\/afabego.fr\/en\/wp-json\/wp\/v2\/comments?post=12563"}],"version-history":[{"count":2,"href":"https:\/\/afabego.fr\/en\/wp-json\/wp\/v2\/posts\/12563\/revisions"}],"predecessor-version":[{"id":12575,"href":"https:\/\/afabego.fr\/en\/wp-json\/wp\/v2\/posts\/12563\/revisions\/12575"}],"wp:featuredmedia":[{"embeddable":true,"href":"https:\/\/afabego.fr\/en\/wp-json\/wp\/v2\/media\/12565"}],"wp:attachment":[{"href":"https:\/\/afabego.fr\/en\/wp-json\/wp\/v2\/media?parent=12563"}],"wp:term":[{"taxonomy":"category","embeddable":true,"href":"https:\/\/afabego.fr\/en\/wp-json\/wp\/v2\/categories?post=12563"},{"taxonomy":"post_tag","embeddable":true,"href":"https:\/\/afabego.fr\/en\/wp-json\/wp\/v2\/tags?post=12563"}],"curies":[{"name":"wp","href":"https:\/\/api.w.org\/{rel}","templated":true}]}}