{"id":12528,"date":"2023-03-31T20:10:09","date_gmt":"2023-03-31T18:10:09","guid":{"rendered":"https:\/\/afabego.fr\/?p=12528"},"modified":"2023-03-31T20:20:56","modified_gmt":"2023-03-31T18:20:56","slug":"les-intriguantes-de-lombre","status":"publish","type":"post","link":"https:\/\/afabego.fr\/en\/actualites\/les-intriguantes-de-lombre\/","title":{"rendered":"Les intriguantes de l&rsquo;ombre"},"content":{"rendered":"<div class=\"vc_row wpb_row vc_row-fluid\">\n            \t\t\t\t\t\t\t<div class=\"gf-container container\">\n\t\t\t\t\t\t\t\t<div class=\"wpb_column vc_column_container vc_col-sm-12\"><div class=\"vc_column-inner\"><div class=\"wpb_wrapper\">\n\t<div class=\"wpb_text_column wpb_content_element\" >\n\t\t<div class=\"wpb_wrapper\">\n\t\t\t<p>Le jardin botanique Jean-Marie Pelt de Nancy pr\u00e9sente, du 15 avril au 30 octobre, \u00ab\u00a0les intrigantes de l&rsquo;ombre\u00a0\u00bb, une exposition de photos du botaniste Patrick Blanc. En pr\u00e9ambule \u00e0 cette exposition, Patrick Blanc tiendra une conf\u00e9rence le jeudi 14 avril \u00e0 14h30 intitul\u00e9e \u00ab\u00a0Des sous-bois d&rsquo;Asie aux murs v\u00e9g\u00e9taux\u00a0\u00bb.<\/p>\n<p>Plus d&rsquo;informations par ici : <a href=\"https:\/\/www.jardinbotaniquedenancy.eu\/en\/jardin-botanique-jean-marie-pelt\/agenda\/details\/news\/les-intrigantes-de-lombre\">Jardin Botanique Jean-Marie Pelt<\/a>.<\/p>\n\n\t\t<\/div>\n\t<\/div>\n<\/div><\/div><\/div>\t\t\t\t\t\t\t<\/div>\n\t\t\t\n\t\t<\/div>\n\t\t<div class=\"vc_row wpb_row vc_row-fluid\">\n            \t\t\t\t\t\t\t<div class=\"gf-container container\">\n\t\t\t\t\t\t\t\t<div class=\"wpb_column vc_column_container vc_col-sm-12\"><div class=\"vc_column-inner\"><div class=\"wpb_wrapper\"><div class=\"gf-gallery clearfix text-center gallery-layout-masonry\" data-isotope-wrapper=\"true\">\n    <div class=\"gallery_inner masonry gf-gutter-10 isotope gf-blog-inner\" data-isotope-options='{\"itemSelector\":\".gf-gallery-item\",\"layoutMode\":\"masonry\"}'>\n                    <div class=\"gf-gallery-item grid-item col-xl-4 col-lg-6 col-md-6 col-sm-12 col-12\" data-index=\"0\">\n                <div class=\"gf-gallery-inner default-effect entry-thumbnail\">\n                    <div class=\"effect-content\">\n    <a data-magnific=\"true\" data-gallery-id=\"605088561\" data-magnific-options='{\"galleryId\":605088561}' href=\"https:\/\/afabego.fr\/wp-content\/uploads\/2023\/03\/ConferencePBlancNancy042023.png\" class=\"zoom-image\"><i class=\"fa fa-expand\"><\/i><\/a>\n\n    \n    \t\t\t\n\t\t\t\t\t<div class=\"entry-thumbnail-overlay\" title=\"Les intriguantes de l&rsquo;ombre\">\n\t\t\t\t<img width=\"400\" style=\"width:400px\" height=\"515\" data-original=\"https:\/\/afabego.fr\/wp-content\/uploads\/2023\/03\/ConferencePBlancNancy042023-400x515.png\" src=\"https:\/\/afabego.fr\/wp-content\/uploads\/2023\/03\/ConferencePBlancNancy042023-20x25.png\" class=\"img-responsive gf-lazy\" alt=\"Conf\u00e9rence Patrick Blanc Nancy\">\n\t\t\t<\/div>\n\t\t\t<\/div>\n\n\n                <\/div>\n            <\/div>\n                                <div class=\"gf-gallery-item grid-item col-xl-4 col-lg-6 col-md-6 col-sm-12 col-12\" data-index=\"1\">\n                <div class=\"gf-gallery-inner default-effect entry-thumbnail\">\n                    <div class=\"effect-content\">\n    <a data-magnific=\"true\" data-gallery-id=\"605088561\" data-magnific-options='{\"galleryId\":605088561}' href=\"https:\/\/afabego.fr\/wp-content\/uploads\/2023\/03\/photoexhibitionbypatrickblanclesintrigantesdelombreatthebotanicalgardennancyfranceapriltooctober2023-1.jpg\" class=\"zoom-image\"><i class=\"fa fa-expand\"><\/i><\/a>\n\n    \n    \t\t\t\n\t\t\t\t\t<div class=\"entry-thumbnail-overlay\" title=\"Les intriguantes de l&rsquo;ombre\">\n\t\t\t\t<img width=\"400\" style=\"width:400px\" height=\"564\" data-original=\"https:\/\/afabego.fr\/wp-content\/uploads\/2023\/03\/photoexhibitionbypatrickblanclesintrigantesdelombreatthebotanicalgardennancyfranceapriltooctober2023-1-400x564.jpg\" src=\"https:\/\/afabego.fr\/wp-content\/uploads\/2023\/03\/photoexhibitionbypatrickblanclesintrigantesdelombreatthebotanicalgardennancyfranceapriltooctober2023-1-20x28.jpg\" class=\"img-responsive gf-lazy\" alt=\"Les intriguantes de l&rsquo;ombre\">\n\t\t\t<\/div>\n\t\t\t<\/div>\n\n\n                <\/div>\n            <\/div>\n                        <\/div>\n    <\/div><\/div><\/div><\/div>\t\t\t\t\t\t\t<\/div>\n\t\t\t\n\t\t<\/div>","protected":false},"excerpt":{"rendered":"Le jardin botanique Jean-Marie Pelt de Nancy pr\u00e9sente, du 15 avril au 30 octobre, \"les intrigantes de l'ombre\", une exposition de photos du botaniste Patrick Blanc. En pr\u00e9ambule \u00e0 cette exposition, Patrick Blanc tiendra une conf\u00e9rence le jeudi 14 avril \u00e0 14h30 intitul\u00e9e \"Des sous-bois d'Asie aux murs v\u00e9g\u00e9taux\". Plus d'informations par ici : Jardin [...]","protected":false},"author":3,"featured_media":12538,"comment_status":"closed","ping_status":"closed","sticky":false,"template":"","format":"standard","meta":[],"categories":[147,173],"tags":[],"_links":{"self":[{"href":"https:\/\/afabego.fr\/en\/wp-json\/wp\/v2\/posts\/12528"}],"collection":[{"href":"https:\/\/afabego.fr\/en\/wp-json\/wp\/v2\/posts"}],"about":[{"href":"https:\/\/afabego.fr\/en\/wp-json\/wp\/v2\/types\/post"}],"author":[{"embeddable":true,"href":"https:\/\/afabego.fr\/en\/wp-json\/wp\/v2\/users\/3"}],"replies":[{"embeddable":true,"href":"https:\/\/afabego.fr\/en\/wp-json\/wp\/v2\/comments?post=12528"}],"version-history":[{"count":5,"href":"https:\/\/afabego.fr\/en\/wp-json\/wp\/v2\/posts\/12528\/revisions"}],"predecessor-version":[{"id":12537,"href":"https:\/\/afabego.fr\/en\/wp-json\/wp\/v2\/posts\/12528\/revisions\/12537"}],"wp:featuredmedia":[{"embeddable":true,"href":"https:\/\/afabego.fr\/en\/wp-json\/wp\/v2\/media\/12538"}],"wp:attachment":[{"href":"https:\/\/afabego.fr\/en\/wp-json\/wp\/v2\/media?parent=12528"}],"wp:term":[{"taxonomy":"category","embeddable":true,"href":"https:\/\/afabego.fr\/en\/wp-json\/wp\/v2\/categories?post=12528"},{"taxonomy":"post_tag","embeddable":true,"href":"https:\/\/afabego.fr\/en\/wp-json\/wp\/v2\/tags?post=12528"}],"curies":[{"name":"wp","href":"https:\/\/api.w.org\/{rel}","templated":true}]}}